{"id":572,"date":"2013-04-13T16:11:00","date_gmt":"2013-04-13T14:11:00","guid":{"rendered":"http:\/\/ffw-burggrumbach.de\/home\/?p=572"},"modified":"2020-07-16T18:15:53","modified_gmt":"2020-07-16T16:15:53","slug":"radlader-stuerzt-in-baugrube","status":"publish","type":"post","link":"https:\/\/ffw-burggrumbach.de\/home\/2013\/04\/13\/radlader-stuerzt-in-baugrube\/","title":{"rendered":"Radlader st\u00fcrzt in Baugrube"},"content":{"rendered":"\r\n<p style=\"text-align: justify;\"><strong>Unterpleichfeld 13.04.2013 &#8211; <\/strong>Am\u00a0Samstag um\u00a010:44 Uhr wurden die Feuerwehren Unterpleichfeld, Burggrumbach, K\u00fcrnach und die Drehleiter der Berufsfeuerwehr W\u00fcrzburg nach Unterpleichfeld\u00a0ins\u00a0Neubaugebiet Am steinernen Kreuz\u00a0alarmiert. Die Einsatzmeldung lautete &#8222;Person unter Bagger&#8220;.<\/p>\r\n\r\n\r\n\r\n<p style=\"text-align: justify;\">Dort arbeiteten gegen 10.44 Uhr ein 55-J\u00e4hriger und\u00a0ein 31-J\u00e4hriger an einer Baugrube im Neubaugebiet Unterpleichfeld. Der 55-j\u00e4hrige hantierte mit einem etwa sechs Tonnen schweren\u00a0Radlader am Rand einer Baugrube, als das Gef\u00e4hrt\u00a0 r\u00fcckw\u00e4rts rutschte und in die Baugrube fiel. Dort klemmte der\u00a0Baggerl\u00f6ffelarm \u00a0den 31-J\u00e4hrigen ein und verletzte ihn schwer. Der Mann wurde von Passanten und den Feuerwehren befreit und von der Berufsfeuerwehr W\u00fcrzburg mit einer Drehleiter aus der Grube geborgen. Die polizeilichen Ermittlungen f\u00fchrt die Polizeiinspektion W\u00fcrzburg-Land.<\/p>\r\n\r\n\r\n\r\n<figure class=\"wp-block-image size-large is-resized\"><a href=\"https:\/\/ffw-burggrumbach.de\/home\/wp-content\/uploads\/2020\/07\/bagger-kleiner.png\"><img loading=\"lazy\" decoding=\"async\" class=\"alignleft wp-image-573 size-thumbnail\" src=\"https:\/\/ffw-burggrumbach.de\/home\/wp-content\/uploads\/2020\/07\/bagger-kleiner-150x150.png\" alt=\"\" width=\"150\" height=\"150\" \/><\/a><\/figure>\r\n","protected":false},"excerpt":{"rendered":"<p>Unterpleichfeld 13.04.2013 &#8211; Am\u00a0Samstag um\u00a010:44 Uhr wurden die Feuerwehren Unterpleichfeld, Burggrumbach, K\u00fcrnach und die Drehleiter der Berufsfeuerwehr W\u00fcrzburg nach Unterpleichfeld\u00a0ins\u00a0Neubaugebiet Am steinernen Kreuz\u00a0alarmiert. Die Einsatzmeldung lautete &#8222;Person unter Bagger&#8220;. Dort arbeiteten gegen 10.44 Uhr ein 55-J\u00e4hriger und\u00a0ein 31-J\u00e4hriger an einer &hellip; <a href=\"https:\/\/ffw-burggrumbach.de\/home\/2013\/04\/13\/radlader-stuerzt-in-baugrube\/\">Weiterlesen <span class=\"meta-nav\">&rarr;<\/span><\/a><\/p>\n","protected":false},"author":2,"featured_media":0,"comment_status":"closed","ping_status":"open","sticky":false,"template":"","format":"standard","meta":{"footnotes":""},"categories":[4],"tags":[],"class_list":["post-572","post","type-post","status-publish","format-standard","hentry","category-einsatzberichte"],"_links":{"self":[{"href":"https:\/\/ffw-burggrumbach.de\/home\/wp-json\/wp\/v2\/posts\/572","targetHints":{"allow":["GET"]}}],"collection":[{"href":"https:\/\/ffw-burggrumbach.de\/home\/wp-json\/wp\/v2\/posts"}],"about":[{"href":"https:\/\/ffw-burggrumbach.de\/home\/wp-json\/wp\/v2\/types\/post"}],"author":[{"embeddable":true,"href":"https:\/\/ffw-burggrumbach.de\/home\/wp-json\/wp\/v2\/users\/2"}],"replies":[{"embeddable":true,"href":"https:\/\/ffw-burggrumbach.de\/home\/wp-json\/wp\/v2\/comments?post=572"}],"version-history":[{"count":6,"href":"https:\/\/ffw-burggrumbach.de\/home\/wp-json\/wp\/v2\/posts\/572\/revisions"}],"predecessor-version":[{"id":667,"href":"https:\/\/ffw-burggrumbach.de\/home\/wp-json\/wp\/v2\/posts\/572\/revisions\/667"}],"wp:attachment":[{"href":"https:\/\/ffw-burggrumbach.de\/home\/wp-json\/wp\/v2\/media?parent=572"}],"wp:term":[{"taxonomy":"category","embeddable":true,"href":"https:\/\/ffw-burggrumbach.de\/home\/wp-json\/wp\/v2\/categories?post=572"},{"taxonomy":"post_tag","embeddable":true,"href":"https:\/\/ffw-burggrumbach.de\/home\/wp-json\/wp\/v2\/tags?post=572"}],"curies":[{"name":"wp","href":"https:\/\/api.w.org\/{rel}","templated":true}]}}